{"id":145,"date":"2022-08-12T22:45:35","date_gmt":"2022-08-12T22:45:35","guid":{"rendered":"https:\/\/voxfm1059.com.br\/?p=145"},"modified":"2022-08-20T16:31:21","modified_gmt":"2022-08-20T16:31:21","slug":"fernanda-brum-celebra-lancamento-do-album-em-casa-3","status":"publish","type":"post","link":"https:\/\/voxfm1059.com.br\/index.php\/2022\/08\/12\/fernanda-brum-celebra-lancamento-do-album-em-casa-3\/","title":{"rendered":"Fernanda Brum celebra lan\u00e7amento do \u00e1lbum \u201cEm Casa\u201d"},"content":{"rendered":"\n<p>A cantora\u00a0<a href=\"https:\/\/www.uaugospel.com.br\/?s=Fernanda+Brum\">Fernanda Brum<\/a>\u00a0celebra o lan\u00e7amento do seu novo \u00e1lbum \u201cEm Casa\u201d, que j\u00e1 est\u00e1 dispon\u00edvel em todas as plataformas de m\u00fasica. Ap\u00f3s o EP de in\u00e9ditas \u201cDo \u00c9den ao \u00c9den\u201d e do projeto \u201cReunion\u201d, a artista da Sony Music apostou em um repert\u00f3rio de hits de sua carreira que foram inspira\u00e7\u00e3o para a f\u00e9 de muitas pessoas e que fazem parte da trilha sonora da vida de muitos brasileiros.<\/p>\n\n\n\n<figure class=\"wp-block-embed is-type-video is-provider-youtube wp-block-embed-youtube wp-embed-aspect-16-9 wp-has-aspect-ratio\"><div class=\"wp-block-embed__wrapper\">\n<iframe title=\"Fernanda Brum - Meu Bem Maior (Ao Vivo) (Clipe Oficial)\" width=\"1200\" height=\"675\" src=\"https:\/\/www.youtube.com\/embed\/oFbCbkxJ46s?feature=oembed\" frameborder=\"0\" allow=\"accelerometer; autoplay; clipboard-write; encrypted-media; gyroscope; picture-in-picture\" allowfullscreen><\/iframe>\n<\/div><\/figure>\n\n\n\n<p>O \u201cEm Casa\u201d re\u00fane faixas que marcaram a jornada de sucessos de Fernanda, que iniciou no mercado fonogr\u00e1fico com o \u00e1lbum \u201cFeliz de Vez\u201d em 1992 pela extinta Nancel Produ\u00e7\u00f5es. O projeto foi lan\u00e7ado dividido em bundles, e segundo a artista, surgiu de maneira natural. \u201cAs releituras vieram de uma saudade. Saudade de cantar e vontade de mostrar para essa gera\u00e7\u00e3o de onde viemos e o que nos serviu como raiz para tantas outras can\u00e7\u00f5es\u201d, pontua a cantora que escolheu o repert\u00f3rio de forma aleat\u00f3ria, de acordo com a saudade da can\u00e7\u00e3o.<\/p>\n\n\n\n<p>\u201cO povo tem reagido com a mesma emo\u00e7\u00e3o e com a mesma saudade que n\u00f3s tivemos quando fizemos as regrava\u00e7\u00f5es. N\u00e3o esper\u00e1vamos tanto carinho. Tem sido demais\u201d, ressalta Brum que registrou todo o projeto em v\u00eddeo e que j\u00e1 est\u00e1 dispon\u00edvel tamb\u00e9m em seu canal oficial no YouTube. As novas faixas foram produzidas por Emerson Pinheiro, que \u00e9 marido da artista e juntos pastoreiam a igreja IPAN, na Barra da Tijuca, Rio de Janeiro.<\/p>\n\n\n\n<p>O primeiro bundle lan\u00e7ado trouxe as can\u00e7\u00f5es \u201cCora\u00e7\u00e3o que Sangra\u201d, gravada originalmente no \u00e1lbum \u201cCura-me\u201d em 2008 e \u201cVem me Consolar\u201d, gravada no disco \u201cApenas Um Toque\u201d em 2003. J\u00e1 o segundo bundle tem uma abordagem mais rom\u00e2ntica e apresenta releituras de \u201cTe Amaria Outra Vez\u201d, faixa do \u00e1lbum \u201cAmo Voc\u00ea \u2013 Volume 14\u201d, de 2008, e inserido na primeira colet\u00e2nea rom\u00e2ntica de Fernanda, o \u201cFalando de Amor\u201d, de 2012. \u201cAmar Voc\u00ea\u201d gravada em 1995 no disco \u201cMeu Bem Maior\u201d, e considerada um dos maiores hits rom\u00e2nticos do gospel tamb\u00e9m veio no segundo lan\u00e7amento do \u00e1lbum.<\/p>\n\n\n\n<p>Logo depois chegou \u201cMeu Bem Maior\u201d, a faixa tamb\u00e9m ganhou uma releitura lan\u00e7ada no terceiro bundle que acompanha \u201cSonhos\u201d, m\u00fasica t\u00edtulo do seu \u00e1lbum de est\u00fadio lan\u00e7ado em 1997. Seguido veio mais um lan\u00e7ado que re\u00fane a recente \u201cEscreve\u201d, originalmente apresentada ao p\u00fablico no EP \u201cDo \u00c9den ao \u00c9den\u201d, que acompanha um medley de \u201cEnquanto Eu Chorava\u201d e \u201cN\u00e3o \u00c9 Tarde\u201d, lan\u00e7adas nos discos \u201cGl\u00f3ria\u201d de 2010 e \u201cCura-me\u201d de 2008, respectivamente. Por \u00faltimo, e pra fechar com chave de outro, \u201cFeliz de Vez\u201d, uma das can\u00e7\u00f5es mais nost\u00e1lgicas e queridas pelo p\u00fablico da cantora.<\/p>\n\n\n\n<p><strong><em>Fonte: Assessoria<\/em><br><em>Imagem: Divulga\u00e7\u00e3o<\/em><\/strong><\/p>\n","protected":false},"excerpt":{"rendered":"<p>A cantora\u00a0Fernanda Brum\u00a0celebra o lan\u00e7amento do seu novo \u00e1lbum \u201cEm Casa\u201d, que j\u00e1 est\u00e1 dispon\u00edvel em todas as plataformas de m\u00fasica. Ap\u00f3s o EP de in\u00e9ditas \u201cDo \u00c9den ao \u00c9den\u201d e do projeto \u201cReunion\u201d, a artista da Sony Music apostou em um repert\u00f3rio de hits de sua carreira que foram inspira\u00e7\u00e3o para a f\u00e9 de &#8230; <a title=\"Fernanda Brum celebra lan\u00e7amento do \u00e1lbum \u201cEm Casa\u201d\" class=\"read-more\" href=\"https:\/\/voxfm1059.com.br\/index.php\/2022\/08\/12\/fernanda-brum-celebra-lancamento-do-album-em-casa-3\/\" aria-label=\"More on Fernanda Brum celebra lan\u00e7amento do \u00e1lbum \u201cEm Casa\u201d\">Ler mais<\/a><\/p>\n","protected":false},"author":1,"featured_media":42,"comment_status":"open","ping_status":"open","sticky":false,"template":"","format":"standard","meta":[],"categories":[8,1],"tags":[],"_links":{"self":[{"href":"https:\/\/voxfm1059.com.br\/index.php\/wp-json\/wp\/v2\/posts\/145"}],"collection":[{"href":"https:\/\/voxfm1059.com.br\/index.php\/wp-json\/wp\/v2\/posts"}],"about":[{"href":"https:\/\/voxfm1059.com.br\/index.php\/wp-json\/wp\/v2\/types\/post"}],"author":[{"embeddable":true,"href":"https:\/\/voxfm1059.com.br\/index.php\/wp-json\/wp\/v2\/users\/1"}],"replies":[{"embeddable":true,"href":"https:\/\/voxfm1059.com.br\/index.php\/wp-json\/wp\/v2\/comments?post=145"}],"version-history":[{"count":1,"href":"https:\/\/voxfm1059.com.br\/index.php\/wp-json\/wp\/v2\/posts\/145\/revisions"}],"predecessor-version":[{"id":152,"href":"https:\/\/voxfm1059.com.br\/index.php\/wp-json\/wp\/v2\/posts\/145\/revisions\/152"}],"wp:featuredmedia":[{"embeddable":true,"href":"https:\/\/voxfm1059.com.br\/index.php\/wp-json\/wp\/v2\/media\/42"}],"wp:attachment":[{"href":"https:\/\/voxfm1059.com.br\/index.php\/wp-json\/wp\/v2\/media?parent=145"}],"wp:term":[{"taxonomy":"category","embeddable":true,"href":"https:\/\/voxfm1059.com.br\/index.php\/wp-json\/wp\/v2\/categories?post=145"},{"taxonomy":"post_tag","embeddable":true,"href":"https:\/\/voxfm1059.com.br\/index.php\/wp-json\/wp\/v2\/tags?post=145"}],"curies":[{"name":"wp","href":"https:\/\/api.w.org\/{rel}","templated":true}]}}