{"id":1630,"date":"2023-02-27T13:14:52","date_gmt":"2023-02-27T13:14:52","guid":{"rendered":"https:\/\/voxfm1059.com.br\/?p=1630"},"modified":"2023-02-27T13:14:53","modified_gmt":"2023-02-27T13:14:53","slug":"trazendo-a-arca-celebra-20-anos-de-ministerio-com-novos-projetos","status":"publish","type":"post","link":"https:\/\/voxfm1059.com.br\/index.php\/2023\/02\/27\/trazendo-a-arca-celebra-20-anos-de-ministerio-com-novos-projetos\/","title":{"rendered":"Trazendo a Arca celebra 20 anos de minist\u00e9rio com novos projetos"},"content":{"rendered":"\n<p>Depois de quase quatro anos sem apresenta\u00e7\u00f5es, o minist\u00e9rio musical Trazendo a Arca retorna celebrando 20 anos de exist\u00eancia.&nbsp;<\/p>\n\n\n\n<p>Com a forma\u00e7\u00e3o original, Isaac Ramos (guitarrista), Andr\u00e9 Mattos (bateria), Luiz Arcanjo (vocal) e Deco Rodrigues (baixista), o minist\u00e9rio lan\u00e7ar\u00e1, pela Uni Records, tr\u00eas grandes projetos.&nbsp;<\/p>\n\n\n\n<p>O primeiro, o EP \u201c20 Anos em Adora\u00e7\u00e3o\u201d, com m\u00fasicas mais congregacionais, ter\u00e1 cinco sucessos da banda e uma can\u00e7\u00e3o in\u00e9dita, ainda com a participa\u00e7\u00e3o especial de Gabriel Guedes, Eli Soares e Theo Rubia.\u00a0<\/p>\n\n\n\n<p>O single que inicia os lan\u00e7amentos desse EP \u00e9 a bela vers\u00e3o de \u201cSer\u00e1s Sempre Deus\u201d, que tem um significado muito especial na hist\u00f3ria do Trazendo a Arca.&nbsp;<\/p>\n\n\n\n<p>O segundo e o terceiro projetos a serem lan\u00e7ados neste ano ser\u00e3o \u201c20 Anos de Celebra\u00e7\u00e3o\u201d, uma grava\u00e7\u00e3o ao vivo com m\u00fasicas de celebra\u00e7\u00e3o e \u201c20 Anos Ac\u00fastico\u201d.&nbsp;<\/p>\n\n\n\n<p>Esse tempo sem grava\u00e7\u00f5es se deu muito por conta do chamado individual de cada um. Os quatro integrantes s\u00e3o pastores, sendo que Luiz Arcanjo e Andr\u00e9 Mattos s\u00e3o pastores de igrejas no Rio de Janeiro.&nbsp;<\/p>\n\n\n\n<p>\u201cAntes, ficava dif\u00edcil conciliar tudo e tivemos uma dire\u00e7\u00e3o para dar total aten\u00e7\u00e3o ao nosso chamado individual. Hoje, retomamos as agendas e ministra\u00e7\u00f5es juntos, e fazer isso em unidade tem sido mesmo um presente de Deus! Apesar de todas as lutas, Deus nos deu \u00eaxito e sucesso. E quando falo de sucesso, falo de cumprir o prop\u00f3sito para o qual fomos designados, louvor e levar mensagem de f\u00e9 para nossos irm\u00e3os. E \u00e9 o que temos feito\u201d, afirma Luiz Arcanjo.<\/p>\n\n\n\n<p>O single \u201cSer\u00e1s Sempre Deus\u201d foi gravado em S\u00e3o Paulo, com produ\u00e7\u00e3o musical de Kleyton Martins e dire\u00e7\u00e3o de v\u00eddeo de Diego Martins. Luiz Arcanjo lembra que cantar com o coral One Service \u201cfoi uma oportunidade maravilhosa! A presen\u00e7a de Deus era n\u00edtida, cant\u00e1vamos como um coro celestial, todos juntos\u201d.<\/p>\n\n\n\n<p><em>Assista ao videoclipe da can\u00e7\u00e3o \u201cSer\u00e1s Sempre Deus\u201d:<\/em><\/p>\n\n\n\n<figure class=\"wp-block-embed is-type-video is-provider-youtube wp-block-embed-youtube wp-embed-aspect-16-9 wp-has-aspect-ratio\"><div class=\"wp-block-embed__wrapper\">\n<iframe title=\"Trazendo a Arca - Ser\u00e1s Sempre Deus (20 Anos)\" width=\"1200\" height=\"675\" src=\"https:\/\/www.youtube.com\/embed\/GEA9DNJSWH8?feature=oembed\" frameborder=\"0\" allow=\"accelerometer; autoplay; clipboard-write; encrypted-media; gyroscope; picture-in-picture; web-share\" allowfullscreen><\/iframe>\n<\/div><\/figure>\n\n\n\n<p><\/p>\n\n\n\n<p><\/p>\n","protected":false},"excerpt":{"rendered":"<p>Depois de quase quatro anos sem apresenta\u00e7\u00f5es, o minist\u00e9rio musical Trazendo a Arca retorna celebrando 20 anos de exist\u00eancia.&nbsp; Com a forma\u00e7\u00e3o original, Isaac Ramos (guitarrista), Andr\u00e9 Mattos (bateria), Luiz Arcanjo (vocal) e Deco Rodrigues (baixista), o minist\u00e9rio lan\u00e7ar\u00e1, pela Uni Records, tr\u00eas grandes projetos.&nbsp; O primeiro, o EP \u201c20 Anos em Adora\u00e7\u00e3o\u201d, com m\u00fasicas &#8230; <a title=\"Trazendo a Arca celebra 20 anos de minist\u00e9rio com novos projetos\" class=\"read-more\" href=\"https:\/\/voxfm1059.com.br\/index.php\/2023\/02\/27\/trazendo-a-arca-celebra-20-anos-de-ministerio-com-novos-projetos\/\" aria-label=\"More on Trazendo a Arca celebra 20 anos de minist\u00e9rio com novos projetos\">Ler mais<\/a><\/p>\n","protected":false},"author":1,"featured_media":1631,"comment_status":"open","ping_status":"open","sticky":false,"template":"","format":"standard","meta":[],"categories":[1],"tags":[],"_links":{"self":[{"href":"https:\/\/voxfm1059.com.br\/index.php\/wp-json\/wp\/v2\/posts\/1630"}],"collection":[{"href":"https:\/\/voxfm1059.com.br\/index.php\/wp-json\/wp\/v2\/posts"}],"about":[{"href":"https:\/\/voxfm1059.com.br\/index.php\/wp-json\/wp\/v2\/types\/post"}],"author":[{"embeddable":true,"href":"https:\/\/voxfm1059.com.br\/index.php\/wp-json\/wp\/v2\/users\/1"}],"replies":[{"embeddable":true,"href":"https:\/\/voxfm1059.com.br\/index.php\/wp-json\/wp\/v2\/comments?post=1630"}],"version-history":[{"count":1,"href":"https:\/\/voxfm1059.com.br\/index.php\/wp-json\/wp\/v2\/posts\/1630\/revisions"}],"predecessor-version":[{"id":1632,"href":"https:\/\/voxfm1059.com.br\/index.php\/wp-json\/wp\/v2\/posts\/1630\/revisions\/1632"}],"wp:featuredmedia":[{"embeddable":true,"href":"https:\/\/voxfm1059.com.br\/index.php\/wp-json\/wp\/v2\/media\/1631"}],"wp:attachment":[{"href":"https:\/\/voxfm1059.com.br\/index.php\/wp-json\/wp\/v2\/media?parent=1630"}],"wp:term":[{"taxonomy":"category","embeddable":true,"href":"https:\/\/voxfm1059.com.br\/index.php\/wp-json\/wp\/v2\/categories?post=1630"},{"taxonomy":"post_tag","embeddable":true,"href":"https:\/\/voxfm1059.com.br\/index.php\/wp-json\/wp\/v2\/tags?post=1630"}],"curies":[{"name":"wp","href":"https:\/\/api.w.org\/{rel}","templated":true}]}}