{"id":1651,"date":"2023-04-10T14:36:28","date_gmt":"2023-04-10T14:36:28","guid":{"rendered":"https:\/\/voxfm1059.com.br\/?p=1651"},"modified":"2023-04-10T14:36:29","modified_gmt":"2023-04-10T14:36:29","slug":"nani-azevedo-regrava-o-sucesso-meu-barquinho-em-sertanejo-2","status":"publish","type":"post","link":"https:\/\/voxfm1059.com.br\/index.php\/2023\/04\/10\/nani-azevedo-regrava-o-sucesso-meu-barquinho-em-sertanejo-2\/","title":{"rendered":"Nani Azevedo regrava o sucesso \u201cMeu Barquinho\u201d em sertanejo"},"content":{"rendered":"\n<p>Considerado um dos maiores expoentes da m\u00fasica gospel no Brasil, o cantor Nani Azevedo lan\u00e7a, nesta ter\u00e7a-feira (14), mais uma regrava\u00e7\u00e3o de um cl\u00e1ssico de sua discografia.&nbsp;<\/p>\n\n\n\n<p>Dispon\u00edvel nas plataformas digitais pela Central Gospel Music, Nani traz uma nova vers\u00e3o do single \u201cMeu Barquinho\u201d, que fez parte do \u00e1lbum \u201cA \u00daltima Palavra Vem de Deus\u201d, lan\u00e7ado originalmente em 2013 e que segue vivo na mem\u00f3ria de muitos ouvintes at\u00e9 hoje.<\/p>\n\n\n\n<p>S\u00f3 para se ter uma ideia da for\u00e7a da can\u00e7\u00e3o, desde o lan\u00e7amento de sua primeira vers\u00e3o, \u201cMeu Barquinho\u201d acumula mais de dois milh\u00f5es de plays s\u00f3 no Spotify. No canal da gravadora no YouTube, o clipe de Nani Azevedo tem mais de 1,5 milh\u00e3o de visualiza\u00e7\u00f5es.<\/p>\n\n\n\n<p>Dez anos ap\u00f3s o lan\u00e7amento de sua primeira vers\u00e3o, o artista traz uma nova roupagem para o cl\u00e1ssico de sua discografia, sempre com o objetivo de alcan\u00e7ar e aben\u00e7oar ainda mais vidas.&nbsp;<\/p>\n\n\n\n<p>\u201cMeu Barquinho\u201d teve produ\u00e7\u00e3o de Joelson Castro e Rodrigo Rocha que uniram sonoridades do country dos Estados Unidos e do sertanejo brasileiro, mas sem perder a originalidade.<\/p>\n\n\n\n<figure class=\"wp-block-embed is-type-rich is-provider-incorporar-manipulador wp-block-embed-incorporar-manipulador wp-embed-aspect-16-9 wp-has-aspect-ratio\"><div class=\"wp-block-embed__wrapper\">\n<iframe title=\"Nani Azevedo - Meu Barquinho (Ao Vivo\/Clipe Oficial)\" width=\"1200\" height=\"675\" src=\"https:\/\/www.youtube.com\/embed\/yxNVZcxIUhY?feature=oembed\" frameborder=\"0\" allow=\"accelerometer; autoplay; clipboard-write; encrypted-media; gyroscope; picture-in-picture; web-share\" allowfullscreen><\/iframe>\n<\/div><\/figure>\n\n\n\n<p>\u201cEssa m\u00fasica tem varrido o Brasil desde o lan\u00e7amento e agrade\u00e7o muito ao Moises Cleyton por ter me autorizado a regrava\u00e7\u00e3o. Ele \u00e9 um grande compositor e um amigo e \u00e9 uma honra ter essa can\u00e7\u00e3o em meu repert\u00f3rio\u201d, enalteceu o cantor.<\/p>\n\n\n\n<p>De acordo com Nani Azevedo, a nova roupagem traz uma sonoridade alegre possibilitada pelos ritmos cl\u00e1ssicos origin\u00e1rios da regi\u00e3o sul do Brasil, que tamb\u00e9m est\u00e3o presentes na regrava\u00e7\u00e3o de \u201cMeu Barquinho\u201d.<\/p>\n\n\n\n<p>\u201cA m\u00fasica j\u00e1 \u00e9 muito conhecida e algumas pessoas j\u00e1 gravaram. Nessa releitura, eu procurei trazer da metade ao fim, um ritmo \u2018gauchesco\u2019 chamado vaner\u00e3o ou vanera como falam. Assim deixamos a can\u00e7\u00e3o alegre\u201d, finalizou.<\/p>\n\n\n\n<p>\u201cMeu Barquinho\u201d faz parte do EP \u201cVou Pela Estrada\u201d, que conta com cinco faixas embaladas pelo sertanejo, sendo tr\u00eas regrava\u00e7\u00f5es e duas can\u00e7\u00f5es in\u00e9ditas. Al\u00e9m de \u201cMeu Barquinho\u201d j\u00e1 foram lan\u00e7adas a in\u00e9dita \u201cVou Pela Estrada\u201d e a regrava\u00e7\u00e3o do sucesso \u201cDeus \u00e9 Fiel\u201d, que fez parte do \u00e1lbum \u201cBendito Serei\u201d, que marcou a estreia de Nani Azevedo na Central Gospel Music em 2006.<\/p>\n\n\n\n<p><strong>Fonte: Guiame<\/strong><\/p>\n","protected":false},"excerpt":{"rendered":"<p>Considerado um dos maiores expoentes da m\u00fasica gospel no Brasil, o cantor Nani Azevedo lan\u00e7a, nesta ter\u00e7a-feira (14), mais uma regrava\u00e7\u00e3o de um cl\u00e1ssico de sua discografia.&nbsp; Dispon\u00edvel nas plataformas digitais pela Central Gospel Music, Nani traz uma nova vers\u00e3o do single \u201cMeu Barquinho\u201d, que fez parte do \u00e1lbum \u201cA \u00daltima Palavra Vem de Deus\u201d, &#8230; <a title=\"Nani Azevedo regrava o sucesso \u201cMeu Barquinho\u201d em sertanejo\" class=\"read-more\" href=\"https:\/\/voxfm1059.com.br\/index.php\/2023\/04\/10\/nani-azevedo-regrava-o-sucesso-meu-barquinho-em-sertanejo-2\/\" aria-label=\"More on Nani Azevedo regrava o sucesso \u201cMeu Barquinho\u201d em sertanejo\">Ler mais<\/a><\/p>\n","protected":false},"author":1,"featured_media":1652,"comment_status":"open","ping_status":"open","sticky":false,"template":"","format":"standard","meta":[],"categories":[8],"tags":[],"_links":{"self":[{"href":"https:\/\/voxfm1059.com.br\/index.php\/wp-json\/wp\/v2\/posts\/1651"}],"collection":[{"href":"https:\/\/voxfm1059.com.br\/index.php\/wp-json\/wp\/v2\/posts"}],"about":[{"href":"https:\/\/voxfm1059.com.br\/index.php\/wp-json\/wp\/v2\/types\/post"}],"author":[{"embeddable":true,"href":"https:\/\/voxfm1059.com.br\/index.php\/wp-json\/wp\/v2\/users\/1"}],"replies":[{"embeddable":true,"href":"https:\/\/voxfm1059.com.br\/index.php\/wp-json\/wp\/v2\/comments?post=1651"}],"version-history":[{"count":1,"href":"https:\/\/voxfm1059.com.br\/index.php\/wp-json\/wp\/v2\/posts\/1651\/revisions"}],"predecessor-version":[{"id":1653,"href":"https:\/\/voxfm1059.com.br\/index.php\/wp-json\/wp\/v2\/posts\/1651\/revisions\/1653"}],"wp:featuredmedia":[{"embeddable":true,"href":"https:\/\/voxfm1059.com.br\/index.php\/wp-json\/wp\/v2\/media\/1652"}],"wp:attachment":[{"href":"https:\/\/voxfm1059.com.br\/index.php\/wp-json\/wp\/v2\/media?parent=1651"}],"wp:term":[{"taxonomy":"category","embeddable":true,"href":"https:\/\/voxfm1059.com.br\/index.php\/wp-json\/wp\/v2\/categories?post=1651"},{"taxonomy":"post_tag","embeddable":true,"href":"https:\/\/voxfm1059.com.br\/index.php\/wp-json\/wp\/v2\/tags?post=1651"}],"curies":[{"name":"wp","href":"https:\/\/api.w.org\/{rel}","templated":true}]}}