{"id":1679,"date":"2023-07-31T12:33:31","date_gmt":"2023-07-31T12:33:31","guid":{"rendered":"https:\/\/voxfm1059.com.br\/?p=1679"},"modified":"2023-07-31T12:33:45","modified_gmt":"2023-07-31T12:33:45","slug":"eyshila-apresenta-novo-album-quero-aprender-a-orar","status":"publish","type":"post","link":"https:\/\/voxfm1059.com.br\/index.php\/2023\/07\/31\/eyshila-apresenta-novo-album-quero-aprender-a-orar\/","title":{"rendered":"Eyshila apresenta novo \u00e1lbum \u201cQuero Aprender a Orar\u201d"},"content":{"rendered":"\n<p>A cantora e pastora Eyshila acaba de lan\u00e7ar seu novo \u00e1lbum em todas as plataformas digitais. Intitulado \u201cQuero Aprender a Orar\u201d, o projeto \u00e9 mais um lan\u00e7amento da artista pela Sony Music e traz releituras de cl\u00e1ssicos de sua carreira e algumas can\u00e7\u00f5es in\u00e9ditas.<\/p>\n\n\n\n<p>Com produ\u00e7\u00e3o musical de Weslei Santos, o trabalho veio no formato \u00e1lbum audiovisual e \u00e9 todo orquestrado com a colabora\u00e7\u00e3o da orquestra do quarteto de cordas \u201cPalavra Tocada\u201d.<\/p>\n\n\n\n<p>\u201cQuero Aprender a Orar\u201d surgiu atrav\u00e9s de um convite de Renato de S\u00e1, m\u00fasico do grupo instrumental \u201cPalavra Tocada\u201d, que por sua vez prop\u00f4s uma roupagem cl\u00e1ssica e elegante nas releituras de sucessos da artista e tamb\u00e9m com m\u00fasicas in\u00e9ditas.&nbsp;<\/p>\n\n\n\n<p>O \u00e1lbum ainda conta com participa\u00e7\u00f5es de Weslei Santos, Gabriel Guedes e do ONE Service.<\/p>\n\n\n\n<p>Sobre o projeto, Eyshila conta que a ideia nasceu para ajudar crian\u00e7as e adolescentes a sa\u00edrem das drogas e das ruas.&nbsp;<\/p>\n\n\n\n<p>\u201cRecebi o convite do Renato de S\u00e1 para participar de um concerto beneficente e assim angariar fundos para a sua futura escola de m\u00fasica. Essa escola vai ajudar a tirar crian\u00e7as e adolescentes das drogas e das ruas para dar a eles oportunidade de estudar gratuitamente um instrumento erudito\u201d, explica.<\/p>\n\n\n\n<p><strong>Uma causa social<\/strong><\/p>\n\n\n\n<p>A cantora entende que a adic\u00e7\u00e3o \u00e9 um grande problema social e espiritual, por isso se sentiu sensibilizada com a causa. \u201cAmei a ideia e topei prontamente\u201d, pontua.&nbsp;<\/p>\n\n\n\n<p>A orquestra completa foi formada por 28 m\u00fasicos que tamb\u00e9m abra\u00e7aram o projeto.<\/p>\n\n\n\n<p>\u201cConversei com a gravadora e com o produtor sobre a possibilidade de transformarmos esse momento em um \u00e1lbum ao vivo. Eles toparam e aqui estamos n\u00f3s. Foi ousado, fizemos tudo em menos de um m\u00eas\u201d, diz.<\/p>\n\n\n\n<figure class=\"wp-block-embed is-type-video is-provider-youtube wp-block-embed-youtube wp-embed-aspect-4-3 wp-has-aspect-ratio\"><div class=\"wp-block-embed__wrapper\">\n<iframe title=\"Quero Aprender a Orar (Ao Vivo)\" width=\"1200\" height=\"900\" src=\"https:\/\/www.youtube.com\/embed\/nPsJKE1Lcos?feature=oembed\" frameborder=\"0\" allow=\"accelerometer; autoplay; clipboard-write; encrypted-media; gyroscope; picture-in-picture; web-share\" allowfullscreen><\/iframe>\n<\/div><\/figure>\n","protected":false},"excerpt":{"rendered":"<p>A cantora e pastora Eyshila acaba de lan\u00e7ar seu novo \u00e1lbum em todas as plataformas digitais. Intitulado \u201cQuero Aprender a Orar\u201d, o projeto \u00e9 mais um lan\u00e7amento da artista pela Sony Music e traz releituras de cl\u00e1ssicos de sua carreira e algumas can\u00e7\u00f5es in\u00e9ditas. Com produ\u00e7\u00e3o musical de Weslei Santos, o trabalho veio no formato &#8230; <a title=\"Eyshila apresenta novo \u00e1lbum \u201cQuero Aprender a Orar\u201d\" class=\"read-more\" href=\"https:\/\/voxfm1059.com.br\/index.php\/2023\/07\/31\/eyshila-apresenta-novo-album-quero-aprender-a-orar\/\" aria-label=\"More on Eyshila apresenta novo \u00e1lbum \u201cQuero Aprender a Orar\u201d\">Ler mais<\/a><\/p>\n","protected":false},"author":1,"featured_media":1680,"comment_status":"open","ping_status":"open","sticky":false,"template":"","format":"standard","meta":[],"categories":[8],"tags":[],"_links":{"self":[{"href":"https:\/\/voxfm1059.com.br\/index.php\/wp-json\/wp\/v2\/posts\/1679"}],"collection":[{"href":"https:\/\/voxfm1059.com.br\/index.php\/wp-json\/wp\/v2\/posts"}],"about":[{"href":"https:\/\/voxfm1059.com.br\/index.php\/wp-json\/wp\/v2\/types\/post"}],"author":[{"embeddable":true,"href":"https:\/\/voxfm1059.com.br\/index.php\/wp-json\/wp\/v2\/users\/1"}],"replies":[{"embeddable":true,"href":"https:\/\/voxfm1059.com.br\/index.php\/wp-json\/wp\/v2\/comments?post=1679"}],"version-history":[{"count":1,"href":"https:\/\/voxfm1059.com.br\/index.php\/wp-json\/wp\/v2\/posts\/1679\/revisions"}],"predecessor-version":[{"id":1681,"href":"https:\/\/voxfm1059.com.br\/index.php\/wp-json\/wp\/v2\/posts\/1679\/revisions\/1681"}],"wp:featuredmedia":[{"embeddable":true,"href":"https:\/\/voxfm1059.com.br\/index.php\/wp-json\/wp\/v2\/media\/1680"}],"wp:attachment":[{"href":"https:\/\/voxfm1059.com.br\/index.php\/wp-json\/wp\/v2\/media?parent=1679"}],"wp:term":[{"taxonomy":"category","embeddable":true,"href":"https:\/\/voxfm1059.com.br\/index.php\/wp-json\/wp\/v2\/categories?post=1679"},{"taxonomy":"post_tag","embeddable":true,"href":"https:\/\/voxfm1059.com.br\/index.php\/wp-json\/wp\/v2\/tags?post=1679"}],"curies":[{"name":"wp","href":"https:\/\/api.w.org\/{rel}","templated":true}]}}