{"id":1729,"date":"2024-01-02T13:29:15","date_gmt":"2024-01-02T13:29:15","guid":{"rendered":"https:\/\/voxfm1059.com.br\/?p=1729"},"modified":"2024-01-02T13:30:38","modified_gmt":"2024-01-02T13:30:38","slug":"nani-azevedo-lanca-versao-em-espanhol-de-casa-do-oleiro","status":"publish","type":"post","link":"https:\/\/voxfm1059.com.br\/index.php\/2024\/01\/02\/nani-azevedo-lanca-versao-em-espanhol-de-casa-do-oleiro\/","title":{"rendered":"Nani Azevedo lan\u00e7a vers\u00e3o em espanhol de \u201cCasa do Oleiro\u201d"},"content":{"rendered":"\n<p>Ap\u00f3s apostar no sertanejo com o projeto \u201cVou Pela Estrada\u201d, reunindo cinco can\u00e7\u00f5es interpretadas na moda da viola, o cantor Nani Azevedo chega com mais uma novidade pela Central Gospel Music nesta ter\u00e7a-feira (19).<\/p>\n\n\n\n<p>Mirando em seu p\u00fablico latino, o artista apresenta a vers\u00e3o em espanhol do sucesso \u201cCasa do Oleiro\u201d, escrito por Delino Mar\u00e7al.<\/p>\n\n\n\n<p>Lan\u00e7ada originalmente em 2013 como parte do \u00e1lbum \u201cA \u00daltima Palavra (Ao Vivo)\u201d, a can\u00e7\u00e3o recebeu o t\u00edtulo de \u201cCasa del Alfarero\u201d com produ\u00e7\u00e3o feita por Nani Azevedo e Roberto Tavares.<\/p>\n\n\n\n<p>\u201c\u2019Casa do Oleiro\u2019 foi levada pelo pastor Jos\u00e9 Satirio para a Col\u00f4mbia e v\u00e1rios pa\u00edses da Am\u00e9rica Latina por onde ele passava. E ela caiu bem no espanhol pela harmonia leve e melodia bem rom\u00e2ntica e a igreja l\u00e1 j\u00e1 canta h\u00e1 muito tempo. Eu gravei a vers\u00e3o que os irm\u00e3os da Col\u00f4mbia j\u00e1 cantam e, como eu morei muitos anos na fronteira Brasil-Argentina, n\u00e3o vi dificuldade\u201d, explicou o cantor.<\/p>\n\n\n\n<p>\u201cCasa del Alfarero\u201d tamb\u00e9m ganhou uma vers\u00e3o em v\u00eddeo no no YouTube. O projeto visual foi gravado ao vivo na Igreja Centro Cristiano, em C\u00facuta, na Col\u00f4mbia, e teve edi\u00e7\u00e3o de Merewilton Lages.<\/p>\n\n\n\n<p><em>Assista ao clipe de \u201cCasa del Alfarero&#8221;:<\/em><br><\/p>\n\n\n\n<figure class=\"wp-block-embed is-type-video is-provider-youtube wp-block-embed-youtube wp-embed-aspect-16-9 wp-has-aspect-ratio\"><div class=\"wp-block-embed__wrapper\">\n<iframe title=\"Nani Azevedo - Casa Del Alfarero (Ao vivo na Col\u00f4mbia)\" width=\"1200\" height=\"675\" src=\"https:\/\/www.youtube.com\/embed\/b0rT4msMTko?feature=oembed\" frameborder=\"0\" allow=\"accelerometer; autoplay; clipboard-write; encrypted-media; gyroscope; picture-in-picture; web-share\" allowfullscreen><\/iframe>\n<\/div><\/figure>\n\n\n\n<p><\/p>\n\n\n\n<p>Fonte: Guiame<\/p>\n","protected":false},"excerpt":{"rendered":"<p>Ap\u00f3s apostar no sertanejo com o projeto \u201cVou Pela Estrada\u201d, reunindo cinco can\u00e7\u00f5es interpretadas na moda da viola, o cantor Nani Azevedo chega com mais uma novidade pela Central Gospel Music nesta ter\u00e7a-feira (19). Mirando em seu p\u00fablico latino, o artista apresenta a vers\u00e3o em espanhol do sucesso \u201cCasa do Oleiro\u201d, escrito por Delino Mar\u00e7al. &#8230; <a title=\"Nani Azevedo lan\u00e7a vers\u00e3o em espanhol de \u201cCasa do Oleiro\u201d\" class=\"read-more\" href=\"https:\/\/voxfm1059.com.br\/index.php\/2024\/01\/02\/nani-azevedo-lanca-versao-em-espanhol-de-casa-do-oleiro\/\" aria-label=\"More on Nani Azevedo lan\u00e7a vers\u00e3o em espanhol de \u201cCasa do Oleiro\u201d\">Ler mais<\/a><\/p>\n","protected":false},"author":2,"featured_media":1731,"comment_status":"open","ping_status":"open","sticky":false,"template":"","format":"standard","meta":[],"categories":[1],"tags":[],"_links":{"self":[{"href":"https:\/\/voxfm1059.com.br\/index.php\/wp-json\/wp\/v2\/posts\/1729"}],"collection":[{"href":"https:\/\/voxfm1059.com.br\/index.php\/wp-json\/wp\/v2\/posts"}],"about":[{"href":"https:\/\/voxfm1059.com.br\/index.php\/wp-json\/wp\/v2\/types\/post"}],"author":[{"embeddable":true,"href":"https:\/\/voxfm1059.com.br\/index.php\/wp-json\/wp\/v2\/users\/2"}],"replies":[{"embeddable":true,"href":"https:\/\/voxfm1059.com.br\/index.php\/wp-json\/wp\/v2\/comments?post=1729"}],"version-history":[{"count":1,"href":"https:\/\/voxfm1059.com.br\/index.php\/wp-json\/wp\/v2\/posts\/1729\/revisions"}],"predecessor-version":[{"id":1730,"href":"https:\/\/voxfm1059.com.br\/index.php\/wp-json\/wp\/v2\/posts\/1729\/revisions\/1730"}],"wp:featuredmedia":[{"embeddable":true,"href":"https:\/\/voxfm1059.com.br\/index.php\/wp-json\/wp\/v2\/media\/1731"}],"wp:attachment":[{"href":"https:\/\/voxfm1059.com.br\/index.php\/wp-json\/wp\/v2\/media?parent=1729"}],"wp:term":[{"taxonomy":"category","embeddable":true,"href":"https:\/\/voxfm1059.com.br\/index.php\/wp-json\/wp\/v2\/categories?post=1729"},{"taxonomy":"post_tag","embeddable":true,"href":"https:\/\/voxfm1059.com.br\/index.php\/wp-json\/wp\/v2\/tags?post=1729"}],"curies":[{"name":"wp","href":"https:\/\/api.w.org\/{rel}","templated":true}]}}